{"id":6991,"date":"2023-01-25T02:09:31","date_gmt":"2023-01-25T01:09:31","guid":{"rendered":"https:\/\/www.official-trailer.com\/francais\/?p=6991"},"modified":"2023-01-25T02:09:31","modified_gmt":"2023-01-25T01:09:31","slug":"dracula-untold","status":"publish","type":"post","link":"https:\/\/www.official-trailer.com\/francais\/dracula-untold\/","title":{"rendered":"Dracula Untold"},"content":{"rendered":"<p><\/p>\n<p>Les origines du mythe sont r\u00e9v\u00e9l\u00e9s dans ce film situ\u00e9 dans les ann\u00e9es de r\u00e8gne de Vlad Tepes, prince roumain qui a inspir\u00e9 la l\u00e9gende pour ses m\u00e9thodes propres \u00e0 provoquer la peur parmi son peuple et ses ennemis. Un m\u00e9lange de mythologie et d&rsquo;histoire nous raconte la mani\u00e8re dont l&#8217;empereur sanguinaire est devenu le premier vampire de l&rsquo;histoire. L&rsquo;un des personnages les plus terribles et sadiques d&rsquo;Europe qui a inspir\u00e9 le classique de la litt\u00e9rature de Bram Stoker m\u00e9langeant l&rsquo;horreur, le surnaturelle et une touche d&rsquo;amour.<\/p>\n<p>Stars: [<a href=\"https:\/\/www.official-trailer.com\/francais\/?s=Luke+Evans\">Luke Evans<\/a>\/<a href=\"https:\/\/www.official-trailer.com\/francais\/?s=Dominic+Cooper\">Dominic Cooper<\/a>\/<a href=\"https:\/\/www.official-trailer.com\/francais\/?s=Sarah+Gadon\">Sarah Gadon<\/a>\/<a href=\"https:\/\/www.official-trailer.com\/francais\/?s=Charles+Dance\">Charles Dance<\/a>\/<a href=\"https:\/\/www.official-trailer.com\/francais\/?s=Art+Parkinson\">Art Parkinson<\/a>\/<a href=\"https:\/\/www.official-trailer.com\/francais\/?s=Diarmaid+Murtagh\">Diarmaid Murtagh<\/a>\/<a href=\"https:\/\/www.official-trailer.com\/francais\/?s=Ronan+Vibert\">Ronan Vibert<\/a>\/<a href=\"https:\/\/www.official-trailer.com\/francais\/?s=William+Houston\">William Houston<\/a>\/<a href=\"https:\/\/www.official-trailer.com\/francais\/?s=Ferdinand+Kingsley\">Ferdinand Kingsley<\/a>\/<a href=\"https:\/\/www.official-trailer.com\/francais\/?s=Zach+McGowan\">Zach McGowan<\/a>]","protected":false},"excerpt":{"rendered":"<p>Les origines du mythe sont r\u00e9v\u00e9l\u00e9s dans ce film situ\u00e9 dans les ann\u00e9es de r\u00e8gne de Vlad Tepes, prince roumain [&hellip;]<\/p>\n","protected":false},"author":1,"featured_media":0,"comment_status":"closed","ping_status":"closed","sticky":false,"template":"","format":"standard","meta":{"footnotes":""},"categories":[2,8,10,19,12],"tags":[],"acf":[],"_links":{"self":[{"href":"https:\/\/www.official-trailer.com\/francais\/wp-json\/wp\/v2\/posts\/6991"}],"collection":[{"href":"https:\/\/www.official-trailer.com\/francais\/wp-json\/wp\/v2\/posts"}],"about":[{"href":"https:\/\/www.official-trailer.com\/francais\/wp-json\/wp\/v2\/types\/post"}],"author":[{"embeddable":true,"href":"https:\/\/www.official-trailer.com\/francais\/wp-json\/wp\/v2\/users\/1"}],"replies":[{"embeddable":true,"href":"https:\/\/www.official-trailer.com\/francais\/wp-json\/wp\/v2\/comments?post=6991"}],"version-history":[{"count":0,"href":"https:\/\/www.official-trailer.com\/francais\/wp-json\/wp\/v2\/posts\/6991\/revisions"}],"wp:attachment":[{"href":"https:\/\/www.official-trailer.com\/francais\/wp-json\/wp\/v2\/media?parent=6991"}],"wp:term":[{"taxonomy":"category","embeddable":true,"href":"https:\/\/www.official-trailer.com\/francais\/wp-json\/wp\/v2\/categories?post=6991"},{"taxonomy":"post_tag","embeddable":true,"href":"https:\/\/www.official-trailer.com\/francais\/wp-json\/wp\/v2\/tags?post=6991"}],"curies":[{"name":"wp","href":"https:\/\/api.w.org\/{rel}","templated":true}]}}