{"id":7077,"date":"2023-01-20T21:20:52","date_gmt":"2023-01-20T20:20:52","guid":{"rendered":"https:\/\/www.official-trailer.com\/espanol\/?p=7077"},"modified":"2023-01-20T21:20:52","modified_gmt":"2023-01-20T20:20:52","slug":"la-guerra-del-planeta-de-los-simios","status":"publish","type":"post","link":"https:\/\/www.official-trailer.com\/espanol\/la-guerra-del-planeta-de-los-simios\/","title":{"rendered":"La guerra del planeta de los simios"},"content":{"rendered":"<p><\/p>\n<p>C\u00e9sar y sus monos son forzados a encarar un conflicto mortal contra un ej\u00e9rcito de humanos liderado por un brutal coronel. Despu\u00e9s de sufrir p\u00e9rdidas enormes, C\u00e9sar lucha con sus instintos m\u00e1s oscuros en una b\u00fasqueda por vengar a su especie. Cuando finalmente se encuentren, Cesar y el Coronel protagonizar\u00e1n una batalla que pondr\u00e1 en juego el futuro de ambas especies y el del mismo planeta. Tercera pel\u00edcula de la nueva saga de El Planeta de los Simios.<\/p>\n<p>Stars: [<a href=\"https:\/\/www.official-trailer.com\/espanol\/?s=Andy+Serkis\">Andy Serkis<\/a>\/<a href=\"https:\/\/www.official-trailer.com\/espanol\/?s=Woody+Harrelson\">Woody Harrelson<\/a>\/<a href=\"https:\/\/www.official-trailer.com\/espanol\/?s=Steve+Zahn\">Steve Zahn<\/a>\/<a href=\"https:\/\/www.official-trailer.com\/espanol\/?s=Karin+Konoval\">Karin Konoval<\/a>\/<a href=\"https:\/\/www.official-trailer.com\/espanol\/?s=Michael+Adamthwaite\">Michael Adamthwaite<\/a>\/<a href=\"https:\/\/www.official-trailer.com\/espanol\/?s=Ty+Olsson\">Ty Olsson<\/a>\/<a href=\"https:\/\/www.official-trailer.com\/espanol\/?s=Terry+Notary\">Terry Notary<\/a>\/<a href=\"https:\/\/www.official-trailer.com\/espanol\/?s=Toby+Kebbell\">Toby Kebbell<\/a>\/<a href=\"https:\/\/www.official-trailer.com\/espanol\/?s=Judy+Greer\">Judy Greer<\/a>\/<a href=\"https:\/\/www.official-trailer.com\/espanol\/?s=Sara+Canning\">Sara Canning<\/a>]","protected":false},"excerpt":{"rendered":"<p>C\u00e9sar y sus monos son forzados a encarar un conflicto mortal contra un ej\u00e9rcito de humanos liderado por un brutal [&hellip;]<\/p>\n","protected":false},"author":1,"featured_media":0,"comment_status":"closed","ping_status":"closed","sticky":false,"template":"","format":"standard","meta":{"footnotes":""},"categories":[19,16,8],"tags":[],"acf":[],"_links":{"self":[{"href":"https:\/\/www.official-trailer.com\/espanol\/wp-json\/wp\/v2\/posts\/7077"}],"collection":[{"href":"https:\/\/www.official-trailer.com\/espanol\/wp-json\/wp\/v2\/posts"}],"about":[{"href":"https:\/\/www.official-trailer.com\/espanol\/wp-json\/wp\/v2\/types\/post"}],"author":[{"embeddable":true,"href":"https:\/\/www.official-trailer.com\/espanol\/wp-json\/wp\/v2\/users\/1"}],"replies":[{"embeddable":true,"href":"https:\/\/www.official-trailer.com\/espanol\/wp-json\/wp\/v2\/comments?post=7077"}],"version-history":[{"count":0,"href":"https:\/\/www.official-trailer.com\/espanol\/wp-json\/wp\/v2\/posts\/7077\/revisions"}],"wp:attachment":[{"href":"https:\/\/www.official-trailer.com\/espanol\/wp-json\/wp\/v2\/media?parent=7077"}],"wp:term":[{"taxonomy":"category","embeddable":true,"href":"https:\/\/www.official-trailer.com\/espanol\/wp-json\/wp\/v2\/categories?post=7077"},{"taxonomy":"post_tag","embeddable":true,"href":"https:\/\/www.official-trailer.com\/espanol\/wp-json\/wp\/v2\/tags?post=7077"}],"curies":[{"name":"wp","href":"https:\/\/api.w.org\/{rel}","templated":true}]}}