{"id":892,"date":"2019-04-25T20:27:25","date_gmt":"2019-04-25T18:27:25","guid":{"rendered":"https:\/\/www.official-trailer.de\/?p=892"},"modified":"2019-04-25T20:27:25","modified_gmt":"2019-04-25T18:27:25","slug":"willkommen-in-marwen","status":"publish","type":"post","link":"https:\/\/www.official-trailer.com\/deutsch\/willkommen-in-marwen\/","title":{"rendered":"Willkommen in Marwen"},"content":{"rendered":"<p><\/p>\n<p>Nachdem der talentierte Maler Mark Hogenkamp (Steve Carell) von f\u00fcnf Hooligans verpr\u00fcgelt wurde, liegt er tagelang im Koma. Als er wiedererwacht, muss er nicht nur das Essen, Gehen oder Schreiben wieder lernen, dar\u00fcber hinaus hat er auch keinerlei Erinnerung mehr an sein Leben vor dem folgenschweren Zwischenfall. Es ist nichts mehr so, wie es einmal war. Um mit seinem Trauma umzugehen, entwickelt er schlie\u00dflich eine ganz eigene Form der Therapie: Er baut in seinem Garten ein Modell eines belgischen Dorfes aus der Zeit des Zweiten Weltkriegs nach, in dessen Welt er sich von nun an regelm\u00e4\u00dfig fl\u00fcchtet. Dar\u00fcber hinaus entwirft er auch zahlreiche Figuren, Puppen, die auf vertrauten Menschen aus Marks Leben basieren und das Dorf bewohnen. Gemeinsam mit ihnen erlebt er jede Menge wilde Abenteuer \u2013 doch je weiter er in die Welt seines Fantasiedorfs \u201eMarwen\u201c eintaucht, desto mehr entfernt er sich von der Realit\u00e4t.<\/p>\n<p>Stars: [<a href=\"https:\/\/www.official-trailer.com\/deutsch\/?s=Steve+Carell\">Steve Carell<\/a>\/<a href=\"https:\/\/www.official-trailer.com\/deutsch\/?s=Leslie+Mann\">Leslie Mann<\/a>\/<a href=\"https:\/\/www.official-trailer.com\/deutsch\/?s=Merritt+Wever\">Merritt Wever<\/a>\/<a href=\"https:\/\/www.official-trailer.com\/deutsch\/?s=Janelle+Mon\u00e1e\">Janelle Mon\u00e1e<\/a>\/<a href=\"https:\/\/www.official-trailer.com\/deutsch\/?s=Diane+Kruger\">Diane Kruger<\/a>\/<a href=\"https:\/\/www.official-trailer.com\/deutsch\/?s=Falk+Hentschel\">Falk Hentschel<\/a>\/<a href=\"https:\/\/www.official-trailer.com\/deutsch\/?s=Eiza+Gonz\u00e1lez\">Eiza Gonz\u00e1lez<\/a>\/<a href=\"https:\/\/www.official-trailer.com\/deutsch\/?s=Gwendoline+Christie\">Gwendoline Christie<\/a>\/<a href=\"https:\/\/www.official-trailer.com\/deutsch\/?s=Stefanie+von+Pfetten\">Stefanie von Pfetten<\/a>\/<a href=\"https:\/\/www.official-trailer.com\/deutsch\/?s=Leslie+Zemeckis\">Leslie Zemeckis<\/a>]","protected":false},"excerpt":{"rendered":"<p>Nachdem der talentierte Maler Mark Hogenkamp (Steve Carell) von f\u00fcnf Hooligans verpr\u00fcgelt wurde, liegt er tagelang im Koma. Als er [&hellip;]<\/p>\n","protected":false},"author":1,"featured_media":0,"comment_status":"closed","ping_status":"closed","sticky":false,"template":"","format":"standard","meta":{"footnotes":""},"categories":[11,13,19],"tags":[],"acf":[],"_links":{"self":[{"href":"https:\/\/www.official-trailer.com\/deutsch\/wp-json\/wp\/v2\/posts\/892"}],"collection":[{"href":"https:\/\/www.official-trailer.com\/deutsch\/wp-json\/wp\/v2\/posts"}],"about":[{"href":"https:\/\/www.official-trailer.com\/deutsch\/wp-json\/wp\/v2\/types\/post"}],"author":[{"embeddable":true,"href":"https:\/\/www.official-trailer.com\/deutsch\/wp-json\/wp\/v2\/users\/1"}],"replies":[{"embeddable":true,"href":"https:\/\/www.official-trailer.com\/deutsch\/wp-json\/wp\/v2\/comments?post=892"}],"version-history":[{"count":0,"href":"https:\/\/www.official-trailer.com\/deutsch\/wp-json\/wp\/v2\/posts\/892\/revisions"}],"wp:attachment":[{"href":"https:\/\/www.official-trailer.com\/deutsch\/wp-json\/wp\/v2\/media?parent=892"}],"wp:term":[{"taxonomy":"category","embeddable":true,"href":"https:\/\/www.official-trailer.com\/deutsch\/wp-json\/wp\/v2\/categories?post=892"},{"taxonomy":"post_tag","embeddable":true,"href":"https:\/\/www.official-trailer.com\/deutsch\/wp-json\/wp\/v2\/tags?post=892"}],"curies":[{"name":"wp","href":"https:\/\/api.w.org\/{rel}","templated":true}]}}