{"id":5803,"date":"2020-07-10T17:44:11","date_gmt":"2020-07-10T15:44:11","guid":{"rendered":"https:\/\/www.official-trailer.de\/?p=5803"},"modified":"2020-07-10T17:44:11","modified_gmt":"2020-07-10T15:44:11","slug":"die-woche","status":"publish","type":"post","link":"https:\/\/www.official-trailer.com\/deutsch\/die-woche\/","title":{"rendered":"Die Woche"},"content":{"rendered":"<p><\/p>\n<p>Die Hochzeit gilt als der sch\u00f6nste Tag im Leben und will deshalb akribisch und schon lange im Voraus geplant werden, aber nicht immer l\u00e4uft alles so glatt, wie es sollte. Auch Sarah (Allison Strong) m\u00f6chte demn\u00e4chst vor den Traualtar treten, doch ihre Verm\u00e4hlung steht unter keinem guten Stern. Schlie\u00dflich will ihr Vater Kenny (Adam Sandler) unbedingt die Kosten daf\u00fcr \u00fcbernehmen, obwohl er nicht das n\u00f6tige Kleingeld f\u00fcr ein gro\u00dfes Fest zur Verf\u00fcgung hat. Zu allem \u00dcberfluss \u00e4rgert ihn auch der Vater (Chris Rock) des Br\u00e4utigams, denn als Chirurg hat er deutlich mehr Geld auf dem Konto, weswegen er alles bezahlen will. Doch Kenny m\u00f6chte sich darauf ganz und gar nicht einlassen und so stehen die Anzeichen auf Sparmodus. W\u00e4hrend der Vorbereitungsphase m\u00fcssen die beiden gegens\u00e4tzlichen V\u00e4ter zudem mehr Zeit miteinander verbringen, als ihnen lieb ist\u2026<\/p>\n<p>Stars: [<a href=\"https:\/\/www.official-trailer.com\/deutsch\/?s=Adam+Sandler\">Adam Sandler<\/a>\/<a href=\"https:\/\/www.official-trailer.com\/deutsch\/?s=Chris+Rock\">Chris Rock<\/a>\/<a href=\"https:\/\/www.official-trailer.com\/deutsch\/?s=Steve+Buscemi\">Steve Buscemi<\/a>\/<a href=\"https:\/\/www.official-trailer.com\/deutsch\/?s=Rachel+Dratch\">Rachel Dratch<\/a>\/<a href=\"https:\/\/www.official-trailer.com\/deutsch\/?s=Allison+Strong\">Allison Strong<\/a>\/<a href=\"https:\/\/www.official-trailer.com\/deutsch\/?s=Roland+Buck+III\">Roland Buck III<\/a>\/<a href=\"https:\/\/www.official-trailer.com\/deutsch\/?s=Katie+Hartman\">Katie Hartman<\/a>\/<a href=\"https:\/\/www.official-trailer.com\/deutsch\/?s=Chloe+Himmelman\">Chloe Himmelman<\/a>\/<a href=\"https:\/\/www.official-trailer.com\/deutsch\/?s=Jake+Lippmann\">Jake Lippmann<\/a>\/<a href=\"https:\/\/www.official-trailer.com\/deutsch\/?s=Jim+Barone\">Jim Barone<\/a>]","protected":false},"excerpt":{"rendered":"<p>Die Hochzeit gilt als der sch\u00f6nste Tag im Leben und will deshalb akribisch und schon lange im Voraus geplant werden, [&hellip;]<\/p>\n","protected":false},"author":1,"featured_media":0,"comment_status":"closed","ping_status":"closed","sticky":false,"template":"","format":"standard","meta":{"footnotes":""},"categories":[19],"tags":[],"acf":[],"_links":{"self":[{"href":"https:\/\/www.official-trailer.com\/deutsch\/wp-json\/wp\/v2\/posts\/5803"}],"collection":[{"href":"https:\/\/www.official-trailer.com\/deutsch\/wp-json\/wp\/v2\/posts"}],"about":[{"href":"https:\/\/www.official-trailer.com\/deutsch\/wp-json\/wp\/v2\/types\/post"}],"author":[{"embeddable":true,"href":"https:\/\/www.official-trailer.com\/deutsch\/wp-json\/wp\/v2\/users\/1"}],"replies":[{"embeddable":true,"href":"https:\/\/www.official-trailer.com\/deutsch\/wp-json\/wp\/v2\/comments?post=5803"}],"version-history":[{"count":0,"href":"https:\/\/www.official-trailer.com\/deutsch\/wp-json\/wp\/v2\/posts\/5803\/revisions"}],"wp:attachment":[{"href":"https:\/\/www.official-trailer.com\/deutsch\/wp-json\/wp\/v2\/media?parent=5803"}],"wp:term":[{"taxonomy":"category","embeddable":true,"href":"https:\/\/www.official-trailer.com\/deutsch\/wp-json\/wp\/v2\/categories?post=5803"},{"taxonomy":"post_tag","embeddable":true,"href":"https:\/\/www.official-trailer.com\/deutsch\/wp-json\/wp\/v2\/tags?post=5803"}],"curies":[{"name":"wp","href":"https:\/\/api.w.org\/{rel}","templated":true}]}}