{"id":4766,"date":"2020-06-29T15:53:45","date_gmt":"2020-06-29T13:53:45","guid":{"rendered":"https:\/\/www.official-trailer.de\/?p=4766"},"modified":"2020-06-29T15:53:45","modified_gmt":"2020-06-29T13:53:45","slug":"wo-ist-albert","status":"publish","type":"post","link":"https:\/\/www.official-trailer.com\/deutsch\/wo-ist-albert\/","title":{"rendered":"Wo ist Albert?"},"content":{"rendered":"<p><\/p>\n<p>Als Medium ber\u00e4t Chlo\u00e9 Top-Manager, Politiker und andere Ber\u00fchmtheiten. Doch damit nicht genug der \u00dcbersinnlichkeit: in ihr wohnt der Geist von Albert Einstein. Vom Stress gebeutelt vernachl\u00e4ssigt sie jedoch ihren anspruchsvollen Mitbewohner. Der verl\u00e4sst sie prompt f\u00fcr den Kopf des depressiven Kellners Zac. Auf der Suche nach Albert werden die n\u00e4chsten Tage zu den Unglaublichsten ihres Lebens.<\/p>\n<p>Stars: [<a href=\"https:\/\/www.official-trailer.com\/deutsch\/?s=St\u00e9phane+Plaza\">St\u00e9phane Plaza<\/a>\/<a href=\"https:\/\/www.official-trailer.com\/deutsch\/?s=Julie+Ferrier\">Julie Ferrier<\/a>\/<a href=\"https:\/\/www.official-trailer.com\/deutsch\/?s=Josiane+Balasko\">Josiane Balasko<\/a>\/<a href=\"https:\/\/www.official-trailer.com\/deutsch\/?s=Bernard+Le+Coq\">Bernard Le Coq<\/a>\/<a href=\"https:\/\/www.official-trailer.com\/deutsch\/?s=Etienne+Draber\">Etienne Draber<\/a>\/<a href=\"https:\/\/www.official-trailer.com\/deutsch\/?s=Philippe+du+Janerand\">Philippe du Janerand<\/a>\/<a href=\"https:\/\/www.official-trailer.com\/deutsch\/?s=Kader+Boukhanef\">Kader Boukhanef<\/a>\/<a href=\"https:\/\/www.official-trailer.com\/deutsch\/?s=Virginie+Visconti\">Virginie Visconti<\/a>\/<a href=\"https:\/\/www.official-trailer.com\/deutsch\/?s=Jean-No\u00ebl+Cnokaert\">Jean-No\u00ebl Cnokaert<\/a>\/<a href=\"https:\/\/www.official-trailer.com\/deutsch\/?s=Alexis+Wizorek\">Alexis Wizorek<\/a>]","protected":false},"excerpt":{"rendered":"<p>Als Medium ber\u00e4t Chlo\u00e9 Top-Manager, Politiker und andere Ber\u00fchmtheiten. Doch damit nicht genug der \u00dcbersinnlichkeit: in ihr wohnt der Geist [&hellip;]<\/p>\n","protected":false},"author":1,"featured_media":0,"comment_status":"closed","ping_status":"closed","sticky":false,"template":"","format":"standard","meta":{"footnotes":""},"categories":[19],"tags":[],"acf":[],"_links":{"self":[{"href":"https:\/\/www.official-trailer.com\/deutsch\/wp-json\/wp\/v2\/posts\/4766"}],"collection":[{"href":"https:\/\/www.official-trailer.com\/deutsch\/wp-json\/wp\/v2\/posts"}],"about":[{"href":"https:\/\/www.official-trailer.com\/deutsch\/wp-json\/wp\/v2\/types\/post"}],"author":[{"embeddable":true,"href":"https:\/\/www.official-trailer.com\/deutsch\/wp-json\/wp\/v2\/users\/1"}],"replies":[{"embeddable":true,"href":"https:\/\/www.official-trailer.com\/deutsch\/wp-json\/wp\/v2\/comments?post=4766"}],"version-history":[{"count":0,"href":"https:\/\/www.official-trailer.com\/deutsch\/wp-json\/wp\/v2\/posts\/4766\/revisions"}],"wp:attachment":[{"href":"https:\/\/www.official-trailer.com\/deutsch\/wp-json\/wp\/v2\/media?parent=4766"}],"wp:term":[{"taxonomy":"category","embeddable":true,"href":"https:\/\/www.official-trailer.com\/deutsch\/wp-json\/wp\/v2\/categories?post=4766"},{"taxonomy":"post_tag","embeddable":true,"href":"https:\/\/www.official-trailer.com\/deutsch\/wp-json\/wp\/v2\/tags?post=4766"}],"curies":[{"name":"wp","href":"https:\/\/api.w.org\/{rel}","templated":true}]}}