{"id":4671,"date":"2020-06-29T15:27:22","date_gmt":"2020-06-29T13:27:22","guid":{"rendered":"https:\/\/www.official-trailer.de\/?p=4671"},"modified":"2020-06-29T15:27:22","modified_gmt":"2020-06-29T13:27:22","slug":"ein-becken-voller-maenner","status":"publish","type":"post","link":"https:\/\/www.official-trailer.com\/deutsch\/ein-becken-voller-maenner\/","title":{"rendered":"Ein Becken voller M\u00e4nner"},"content":{"rendered":"<p><\/p>\n<p>Eine Gruppe M\u00e4nner im besten Alter und jeder davon mitten in einer handfesten Lebenskrise: Was liegt da n\u00e4her, als kurzerhand das erste m\u00e4nnliche Synchronschwimmteam ihrer lokalen Badeanstalt zu gr\u00fcnden? Mit Badehose und Schwimmhaube wollen sie es mit der eigenen Midlife-Crisis und der internationalen Konkurrenz im Wasserballett aufnehmen. Der Skepsis und dem Spott ihrer Mitmenschen zum Trotz, und gedrillt von zwei ebenfalls ein wenig vom Weg abgekommenen Trainerinnen, begeben sich die wassersportliebenden &#8222;Sch\u00f6nschwimmer&#8220; auf ein unwahrscheinliches Abenteuer, an dessen Ende sie \u00fcber sich hinauswachsen m\u00fcssen.<\/p>\n<p>Stars: [<a href=\"https:\/\/www.official-trailer.com\/deutsch\/?s=Guillaume+Canet\">Guillaume Canet<\/a>\/<a href=\"https:\/\/www.official-trailer.com\/deutsch\/?s=Mathieu+Amalric\">Mathieu Amalric<\/a>\/<a href=\"https:\/\/www.official-trailer.com\/deutsch\/?s=Virginie+Efira\">Virginie Efira<\/a>\/<a href=\"https:\/\/www.official-trailer.com\/deutsch\/?s=Le\u00efla+Bekhti\">Le\u00efla Bekhti<\/a>\/<a href=\"https:\/\/www.official-trailer.com\/deutsch\/?s=Marina+Fo\u00efs\">Marina Fo\u00efs<\/a>\/<a href=\"https:\/\/www.official-trailer.com\/deutsch\/?s=Beno\u00eet+Poelvoorde\">Beno\u00eet Poelvoorde<\/a>\/<a href=\"https:\/\/www.official-trailer.com\/deutsch\/?s=Jean-Hugues+Anglade\">Jean-Hugues Anglade<\/a>\/<a href=\"https:\/\/www.official-trailer.com\/deutsch\/?s=Jonathan+Zacca\u00ef\">Jonathan Zacca\u00ef<\/a>\/<a href=\"https:\/\/www.official-trailer.com\/deutsch\/?s=M\u00e9lanie+Doutey\">M\u00e9lanie Doutey<\/a>\/<a href=\"https:\/\/www.official-trailer.com\/deutsch\/?s=No\u00e9e+Abita\">No\u00e9e Abita<\/a>]","protected":false},"excerpt":{"rendered":"<p>Eine Gruppe M\u00e4nner im besten Alter und jeder davon mitten in einer handfesten Lebenskrise: Was liegt da n\u00e4her, als kurzerhand [&hellip;]<\/p>\n","protected":false},"author":1,"featured_media":0,"comment_status":"closed","ping_status":"closed","sticky":false,"template":"","format":"standard","meta":{"footnotes":""},"categories":[11,19],"tags":[],"acf":[],"_links":{"self":[{"href":"https:\/\/www.official-trailer.com\/deutsch\/wp-json\/wp\/v2\/posts\/4671"}],"collection":[{"href":"https:\/\/www.official-trailer.com\/deutsch\/wp-json\/wp\/v2\/posts"}],"about":[{"href":"https:\/\/www.official-trailer.com\/deutsch\/wp-json\/wp\/v2\/types\/post"}],"author":[{"embeddable":true,"href":"https:\/\/www.official-trailer.com\/deutsch\/wp-json\/wp\/v2\/users\/1"}],"replies":[{"embeddable":true,"href":"https:\/\/www.official-trailer.com\/deutsch\/wp-json\/wp\/v2\/comments?post=4671"}],"version-history":[{"count":0,"href":"https:\/\/www.official-trailer.com\/deutsch\/wp-json\/wp\/v2\/posts\/4671\/revisions"}],"wp:attachment":[{"href":"https:\/\/www.official-trailer.com\/deutsch\/wp-json\/wp\/v2\/media?parent=4671"}],"wp:term":[{"taxonomy":"category","embeddable":true,"href":"https:\/\/www.official-trailer.com\/deutsch\/wp-json\/wp\/v2\/categories?post=4671"},{"taxonomy":"post_tag","embeddable":true,"href":"https:\/\/www.official-trailer.com\/deutsch\/wp-json\/wp\/v2\/tags?post=4671"}],"curies":[{"name":"wp","href":"https:\/\/api.w.org\/{rel}","templated":true}]}}