{"id":4116,"date":"2020-06-28T16:45:40","date_gmt":"2020-06-28T14:45:40","guid":{"rendered":"https:\/\/www.official-trailer.de\/?p=4116"},"modified":"2020-06-28T16:45:40","modified_gmt":"2020-06-28T14:45:40","slug":"francesco-und-der-papst","status":"publish","type":"post","link":"https:\/\/www.official-trailer.com\/deutsch\/francesco-und-der-papst\/","title":{"rendered":"Francesco und der Papst"},"content":{"rendered":"<p><\/p>\n<p>Knabenchor-S\u00e4nger Salvatore hat einen Traum: Er will in der Sixtinischen Kapelle singen. Als er eines Tages dazu auserkoren wird, als erster Kinders\u00e4nger \u00fcberhaupt vor dem Papst zu solieren, werden all seine anderen Hobbys, das Fu\u00dfballspielen und die Pfadfinderei, schlagartig zur Nebensache. Mit Leidenschaft und Akribie bereitet Francesco sich auf seinen gro\u00dfen Tag vor. Papst Benedikt XVI. ahnt nichts davon, f\u00fcr ihn ist die Veranstaltung spirituelle Routine. Ganz anders sieht es da schon mit der anstehenden Reise ins Heilige Land und den bedeutsamen Treffen mit arabischen F\u00fchrungspers\u00f6nlichkeiten aus, auf denen der Papst von seinem Knabenchor begleitet wird&#8230; \u201eFrancesco und der Papst\u201c ist ein inszenierter Dokumentarfilm \u00fcber den Vatikan und ein intimes Portrait Benedikts XVI.<\/p>\n<p>Stars: [<a href=\"https:\/\/www.official-trailer.com\/deutsch\/?s=Pope+Benedict+XVI\">Pope Benedict XVI<\/a>]","protected":false},"excerpt":{"rendered":"<p>Knabenchor-S\u00e4nger Salvatore hat einen Traum: Er will in der Sixtinischen Kapelle singen. Als er eines Tages dazu auserkoren wird, als [&hellip;]<\/p>\n","protected":false},"author":1,"featured_media":0,"comment_status":"closed","ping_status":"closed","sticky":false,"template":"","format":"standard","meta":{"footnotes":""},"categories":[2],"tags":[],"acf":[],"_links":{"self":[{"href":"https:\/\/www.official-trailer.com\/deutsch\/wp-json\/wp\/v2\/posts\/4116"}],"collection":[{"href":"https:\/\/www.official-trailer.com\/deutsch\/wp-json\/wp\/v2\/posts"}],"about":[{"href":"https:\/\/www.official-trailer.com\/deutsch\/wp-json\/wp\/v2\/types\/post"}],"author":[{"embeddable":true,"href":"https:\/\/www.official-trailer.com\/deutsch\/wp-json\/wp\/v2\/users\/1"}],"replies":[{"embeddable":true,"href":"https:\/\/www.official-trailer.com\/deutsch\/wp-json\/wp\/v2\/comments?post=4116"}],"version-history":[{"count":0,"href":"https:\/\/www.official-trailer.com\/deutsch\/wp-json\/wp\/v2\/posts\/4116\/revisions"}],"wp:attachment":[{"href":"https:\/\/www.official-trailer.com\/deutsch\/wp-json\/wp\/v2\/media?parent=4116"}],"wp:term":[{"taxonomy":"category","embeddable":true,"href":"https:\/\/www.official-trailer.com\/deutsch\/wp-json\/wp\/v2\/categories?post=4116"},{"taxonomy":"post_tag","embeddable":true,"href":"https:\/\/www.official-trailer.com\/deutsch\/wp-json\/wp\/v2\/tags?post=4116"}],"curies":[{"name":"wp","href":"https:\/\/api.w.org\/{rel}","templated":true}]}}