{"id":3862,"date":"2020-06-28T15:48:07","date_gmt":"2020-06-28T13:48:07","guid":{"rendered":"https:\/\/www.official-trailer.de\/?p=3862"},"modified":"2020-06-28T15:48:07","modified_gmt":"2020-06-28T13:48:07","slug":"vincent-will-meer","status":"publish","type":"post","link":"https:\/\/www.official-trailer.com\/deutsch\/vincent-will-meer\/","title":{"rendered":"Vincent will Meer"},"content":{"rendered":"<p><\/p>\n<p>Vincent leidet am Tourette-Syndrom. Als seine Mutter stirbt, verfrachtet sein Vater ihn ins Heim. Er hat keine Verbindung zu Vincent, f\u00fcr ihn ist er ein Versager, der Schuld am Tod der Mutter tr\u00e4gt. In der Einrichtung lernt der junge Mann die magers\u00fcchtige Marie und den zwangsgest\u00f6rten Alexander kennen. Als Vincent und Marie beschlie\u00dfen, mit dem Auto der Direktorin nach Italien zu fahren, schlie\u00dft Alexander sich an. Vincent will zum Meer, die Asche seiner Mutter verstreuen&#8230;<\/p>\n<p>Stars: [<a href=\"https:\/\/www.official-trailer.com\/deutsch\/?s=Karoline+Herfurth\">Karoline Herfurth<\/a>\/<a href=\"https:\/\/www.official-trailer.com\/deutsch\/?s=Florian+David+Fitz\">Florian David Fitz<\/a>\/<a href=\"https:\/\/www.official-trailer.com\/deutsch\/?s=Johannes+Allmayer\">Johannes Allmayer<\/a>\/<a href=\"https:\/\/www.official-trailer.com\/deutsch\/?s=Katharina+M\u00fcller-Elmau\">Katharina M\u00fcller-Elmau<\/a>\/<a href=\"https:\/\/www.official-trailer.com\/deutsch\/?s=Heino+Ferch\">Heino Ferch<\/a>\/<a href=\"https:\/\/www.official-trailer.com\/deutsch\/?s=Karin+Thaler\">Karin Thaler<\/a>\/<a href=\"https:\/\/www.official-trailer.com\/deutsch\/?s=Tim+Seyfi\">Tim Seyfi<\/a>\/<a href=\"https:\/\/www.official-trailer.com\/deutsch\/?s=Christoph+Zrenner\">Christoph Zrenner<\/a>\/<a href=\"https:\/\/www.official-trailer.com\/deutsch\/?s=Butz+Ulrich+Buse\">Butz Ulrich Buse<\/a>\/<a href=\"https:\/\/www.official-trailer.com\/deutsch\/?s=Ulrich+Boris+P\u00f6ppl\">Ulrich Boris P\u00f6ppl<\/a>]","protected":false},"excerpt":{"rendered":"<p>Vincent leidet am Tourette-Syndrom. Als seine Mutter stirbt, verfrachtet sein Vater ihn ins Heim. Er hat keine Verbindung zu Vincent, [&hellip;]<\/p>\n","protected":false},"author":1,"featured_media":0,"comment_status":"closed","ping_status":"closed","sticky":false,"template":"","format":"standard","meta":{"footnotes":""},"categories":[11],"tags":[],"acf":[],"_links":{"self":[{"href":"https:\/\/www.official-trailer.com\/deutsch\/wp-json\/wp\/v2\/posts\/3862"}],"collection":[{"href":"https:\/\/www.official-trailer.com\/deutsch\/wp-json\/wp\/v2\/posts"}],"about":[{"href":"https:\/\/www.official-trailer.com\/deutsch\/wp-json\/wp\/v2\/types\/post"}],"author":[{"embeddable":true,"href":"https:\/\/www.official-trailer.com\/deutsch\/wp-json\/wp\/v2\/users\/1"}],"replies":[{"embeddable":true,"href":"https:\/\/www.official-trailer.com\/deutsch\/wp-json\/wp\/v2\/comments?post=3862"}],"version-history":[{"count":0,"href":"https:\/\/www.official-trailer.com\/deutsch\/wp-json\/wp\/v2\/posts\/3862\/revisions"}],"wp:attachment":[{"href":"https:\/\/www.official-trailer.com\/deutsch\/wp-json\/wp\/v2\/media?parent=3862"}],"wp:term":[{"taxonomy":"category","embeddable":true,"href":"https:\/\/www.official-trailer.com\/deutsch\/wp-json\/wp\/v2\/categories?post=3862"},{"taxonomy":"post_tag","embeddable":true,"href":"https:\/\/www.official-trailer.com\/deutsch\/wp-json\/wp\/v2\/tags?post=3862"}],"curies":[{"name":"wp","href":"https:\/\/api.w.org\/{rel}","templated":true}]}}