{"id":2837,"date":"2020-06-26T16:42:06","date_gmt":"2020-06-26T14:42:06","guid":{"rendered":"https:\/\/www.official-trailer.de\/?p=2837"},"modified":"2020-06-26T16:42:06","modified_gmt":"2020-06-26T14:42:06","slug":"rico-oskar-und-der-diebstahlstein","status":"publish","type":"post","link":"https:\/\/www.official-trailer.com\/deutsch\/rico-oskar-und-der-diebstahlstein\/","title":{"rendered":"Rico, Oskar und der Diebstahlstein"},"content":{"rendered":"<p><\/p>\n<p>Im Mittelpunkt der Geschichte stehen wieder der tiefbegabte Rico und der hochbegabte Oskar die sich im ersten Roman kennengelernt haben und zu besten Freunden geworden sind. Das dritte RICO-Abenteuer f\u00fchrt die  beiden Jungs an die Ostsee. Der alte Fitzke ist gestorben und hat Rico seine geliebte Steine Sammlung vermacht.  Rico und Oskar finden heraus, dass der wertvollste Stein der Sammlung gestohlen wurde und sofort ist ihr Detektiv-Sp\u00fcrsinn geweckt! Da passt es ganz prima, dass Ricos  Mutter Tanja mit dem B\u00fchl gerade nach Sri Lanka geflogen ist. So ist der Weg f\u00fcr die beiden pfiffigen Jungs frei und sie folgen dem geklauten Stein ganz alleine bis zur Ostsee, wo sie sich wieder vielen  aufregenden Abenteuern stellen m\u00fcssen\u2026.<\/p>\n<p>Stars: [<a href=\"https:\/\/www.official-trailer.com\/deutsch\/?s=Anton+Petzold\">Anton Petzold<\/a>\/<a href=\"https:\/\/www.official-trailer.com\/deutsch\/?s=Juri+Winkler\">Juri Winkler<\/a>\/<a href=\"https:\/\/www.official-trailer.com\/deutsch\/?s=Detlev+Buck\">Detlev Buck<\/a>\/<a href=\"https:\/\/www.official-trailer.com\/deutsch\/?s=Karoline+Herfurth\">Karoline Herfurth<\/a>\/<a href=\"https:\/\/www.official-trailer.com\/deutsch\/?s=Ronald+Zehrfeld\">Ronald Zehrfeld<\/a>\/<a href=\"https:\/\/www.official-trailer.com\/deutsch\/?s=Fahri+Yard\u0131m\">Fahri Yard\u0131m<\/a>\/<a href=\"https:\/\/www.official-trailer.com\/deutsch\/?s=Friederike+Kempter\">Friederike Kempter<\/a>\/<a href=\"https:\/\/www.official-trailer.com\/deutsch\/?s=Milan+Peschel\">Milan Peschel<\/a>\/<a href=\"https:\/\/www.official-trailer.com\/deutsch\/?s=Ursela+Monn\">Ursela Monn<\/a>\/<a href=\"https:\/\/www.official-trailer.com\/deutsch\/?s=Henry+H\u00fcbchen\">Henry H\u00fcbchen<\/a>]","protected":false},"excerpt":{"rendered":"<p>Im Mittelpunkt der Geschichte stehen wieder der tiefbegabte Rico und der hochbegabte Oskar die sich im ersten Roman kennengelernt haben [&hellip;]<\/p>\n","protected":false},"author":1,"featured_media":0,"comment_status":"closed","ping_status":"closed","sticky":false,"template":"","format":"standard","meta":{"footnotes":""},"categories":[12,19,21],"tags":[],"acf":[],"_links":{"self":[{"href":"https:\/\/www.official-trailer.com\/deutsch\/wp-json\/wp\/v2\/posts\/2837"}],"collection":[{"href":"https:\/\/www.official-trailer.com\/deutsch\/wp-json\/wp\/v2\/posts"}],"about":[{"href":"https:\/\/www.official-trailer.com\/deutsch\/wp-json\/wp\/v2\/types\/post"}],"author":[{"embeddable":true,"href":"https:\/\/www.official-trailer.com\/deutsch\/wp-json\/wp\/v2\/users\/1"}],"replies":[{"embeddable":true,"href":"https:\/\/www.official-trailer.com\/deutsch\/wp-json\/wp\/v2\/comments?post=2837"}],"version-history":[{"count":0,"href":"https:\/\/www.official-trailer.com\/deutsch\/wp-json\/wp\/v2\/posts\/2837\/revisions"}],"wp:attachment":[{"href":"https:\/\/www.official-trailer.com\/deutsch\/wp-json\/wp\/v2\/media?parent=2837"}],"wp:term":[{"taxonomy":"category","embeddable":true,"href":"https:\/\/www.official-trailer.com\/deutsch\/wp-json\/wp\/v2\/categories?post=2837"},{"taxonomy":"post_tag","embeddable":true,"href":"https:\/\/www.official-trailer.com\/deutsch\/wp-json\/wp\/v2\/tags?post=2837"}],"curies":[{"name":"wp","href":"https:\/\/api.w.org\/{rel}","templated":true}]}}